{"id":1063,"date":"2025-05-28T09:24:22","date_gmt":"2025-05-28T07:24:22","guid":{"rendered":"https:\/\/zmook.sk\/ujdonsagok\/37-snem-zdruzenia-miest-a-obci-slovenska\/"},"modified":"2025-06-11T09:38:46","modified_gmt":"2025-06-11T07:38:46","slug":"37-snem-zdruzenia-miest-a-obci-slovenska","status":"publish","type":"post","link":"https:\/\/zmook.sk\/hu\/ujdonsagok\/37-snem-zdruzenia-miest-a-obci-slovenska\/","title":{"rendered":"Szlov\u00e1kiai V\u00e1rosok \u00e9s Falvak T\u00e1rsul\u00e1s\u00e1nak 37. kongresszusa"},"content":{"rendered":"\n<p>2025. m\u00e1jus 27-\u00e9n \u00e9s 28-\u00e1n 27. a pozsonyi Incheba Exp\u00f3n rendezt\u00e9k meg a Szlov\u00e1kiai V\u00e1rosok \u00e9s Falvak T\u00e1rsul\u00e1s\u00e1nak 37. kongresszus\u00e1t. Az idei tal\u00e1lkoz\u00f3 \u00fcnnepi hangulatban zajlott, hiszen a ZMOS jelent\u0151s \u00e9vfordul\u00f3t \u00fcnnepelt &#8211; 35 \u00e9ve alakult meg a t\u00e1rsul\u00e1s. A V\u00e1rosok \u00e9s Falvak T\u00e1rsul\u00e1s\u00e1n ak region\u00e1lis szervezete a Kom\u00e1romi j\u00e1r\u00e1s\u00e1b\u00f3l 8 tagot deleg\u00e1lt a k\u00f6zgy\u0171l\u00e9sre &#8211; Magyari Ferenc Het\u00e9ny polg\u00e1rmester\u00e9t, Milo\u0161 Vicena \u00dajgyalla polg\u00e1rmester\u00e9t, Tyukos Ferenc Imely polg\u00e1rmester\u00e9t, Zsitva Norbert Perbete polg\u00e1rmester\u00e9t, Domin Istv\u00e1n Izsa polg\u00e1rmester\u00e9t, Franti\u0161ek Bachorec Bajcs polg\u00e1rmester\u00e9t, Ladislav Lengyel Virt polg\u00e1rmester\u00e9t \u00e9s Moln\u00e1r Zolt\u00e1n Naszvad polg\u00e1rmester\u00e9t. Moln\u00e1r Zolt\u00e1n k\u00f6sz\u00f6n\u0151levelet \u00e9s eml\u00e9k\u00e9rmet vett \u00e1t Jozef Bo\u017eik ZMOS eln\u00f6kt\u0151l, a tisztelet \u00e9s h\u00e1la jel\u00e9\u00fcl, a t\u00e1rsul\u00e1s 35 \u00e9ves fenn\u00e1ll\u00e1sa alatt v\u00e9gzett munk\u00e1 \u00e9rt \u00e9s hozz\u00e1j\u00e1rul\u00e1s\u00e9rt.   <\/p>\n\n<figure class=\"wp-block-gallery has-nested-images columns-default is-cropped wp-block-gallery-1 is-layout-flex wp-block-gallery-is-layout-flex\">\n<figure class=\"wp-block-image size-medium\"><a href=\"https:\/\/zmook.sk\/wp-content\/uploads\/2025\/06\/Zmook1.jpg\"><img fetchpriority=\"high\" decoding=\"async\" width=\"500\" height=\"375\" data-id=\"1054\" src=\"https:\/\/zmook.sk\/wp-content\/uploads\/2025\/06\/Zmook1-500x375.jpg\" alt=\"\" class=\"wp-image-1054\" srcset=\"https:\/\/zmook.sk\/wp-content\/uploads\/2025\/06\/Zmook1-500x375.jpg 500w, https:\/\/zmook.sk\/wp-content\/uploads\/2025\/06\/Zmook1-1024x768.jpg 1024w, https:\/\/zmook.sk\/wp-content\/uploads\/2025\/06\/Zmook1-768x576.jpg 768w, https:\/\/zmook.sk\/wp-content\/uploads\/2025\/06\/Zmook1.jpg 1440w\" sizes=\"(max-width: 500px) 100vw, 500px\" \/><\/a><\/figure>\n\n\n\n<figure class=\"wp-block-image size-medium\"><a href=\"https:\/\/zmook.sk\/wp-content\/uploads\/2025\/06\/Zmook2-1-scaled.jpg\"><img decoding=\"async\" width=\"500\" height=\"375\" data-id=\"1060\" src=\"https:\/\/zmook.sk\/wp-content\/uploads\/2025\/06\/Zmook2-1-500x375.jpg\" alt=\"\" class=\"wp-image-1060\" srcset=\"https:\/\/zmook.sk\/wp-content\/uploads\/2025\/06\/Zmook2-1-500x375.jpg 500w, https:\/\/zmook.sk\/wp-content\/uploads\/2025\/06\/Zmook2-1-1024x768.jpg 1024w, https:\/\/zmook.sk\/wp-content\/uploads\/2025\/06\/Zmook2-1-768x576.jpg 768w, https:\/\/zmook.sk\/wp-content\/uploads\/2025\/06\/Zmook2-1-1536x1152.jpg 1536w, https:\/\/zmook.sk\/wp-content\/uploads\/2025\/06\/Zmook2-1-2048x1536.jpg 2048w\" sizes=\"(max-width: 500px) 100vw, 500px\" \/><\/a><\/figure>\n\n\n\n<figure class=\"wp-block-image size-medium\"><a href=\"https:\/\/zmook.sk\/wp-content\/uploads\/2025\/06\/Zmook3.jpg\"><img decoding=\"async\" width=\"500\" height=\"375\" data-id=\"1056\" src=\"https:\/\/zmook.sk\/wp-content\/uploads\/2025\/06\/Zmook3-500x375.jpg\" alt=\"\" class=\"wp-image-1056\" srcset=\"https:\/\/zmook.sk\/wp-content\/uploads\/2025\/06\/Zmook3-500x375.jpg 500w, https:\/\/zmook.sk\/wp-content\/uploads\/2025\/06\/Zmook3-1024x768.jpg 1024w, https:\/\/zmook.sk\/wp-content\/uploads\/2025\/06\/Zmook3-768x576.jpg 768w, https:\/\/zmook.sk\/wp-content\/uploads\/2025\/06\/Zmook3-1536x1152.jpg 1536w, https:\/\/zmook.sk\/wp-content\/uploads\/2025\/06\/Zmook3.jpg 2016w\" sizes=\"(max-width: 500px) 100vw, 500px\" \/><\/a><\/figure>\n<\/figure>\n","protected":false},"excerpt":{"rendered":"<p>2025. m\u00e1jus 27-\u00e9n \u00e9s 28-\u00e1n 27. a pozsonyi Incheba Exp\u00f3n rendezt\u00e9k meg a Szlov\u00e1kiai V\u00e1rosok \u00e9s Falvak T\u00e1rsul\u00e1s\u00e1nak 37. kongresszus\u00e1t. Az idei tal\u00e1lkoz\u00f3 \u00fcnnepi hangulatban zajlott, hiszen a ZMOS jelent\u0151s \u00e9vfordul\u00f3t \u00fcnnepelt &#8211; 35 \u00e9ve alakult meg a t\u00e1rsul\u00e1s. A V\u00e1rosok \u00e9s Falvak T\u00e1rsul\u00e1s\u00e1n ak region\u00e1lis szervezete a Kom\u00e1romi j\u00e1r\u00e1s\u00e1b\u00f3l 8 tagot deleg\u00e1lt a k\u00f6zgy\u0171l\u00e9sre [&hellip;]<\/p>\n","protected":false},"author":1,"featured_media":1055,"comment_status":"closed","ping_status":"open","sticky":false,"template":"","format":"standard","meta":{"footnotes":""},"categories":[10],"tags":[],"class_list":["post-1063","post","type-post","status-publish","format-standard","has-post-thumbnail","hentry","category-ujdonsagok"],"_links":{"self":[{"href":"https:\/\/zmook.sk\/hu\/wp-json\/wp\/v2\/posts\/1063","targetHints":{"allow":["GET"]}}],"collection":[{"href":"https:\/\/zmook.sk\/hu\/wp-json\/wp\/v2\/posts"}],"about":[{"href":"https:\/\/zmook.sk\/hu\/wp-json\/wp\/v2\/types\/post"}],"author":[{"embeddable":true,"href":"https:\/\/zmook.sk\/hu\/wp-json\/wp\/v2\/users\/1"}],"replies":[{"embeddable":true,"href":"https:\/\/zmook.sk\/hu\/wp-json\/wp\/v2\/comments?post=1063"}],"version-history":[{"count":4,"href":"https:\/\/zmook.sk\/hu\/wp-json\/wp\/v2\/posts\/1063\/revisions"}],"predecessor-version":[{"id":1070,"href":"https:\/\/zmook.sk\/hu\/wp-json\/wp\/v2\/posts\/1063\/revisions\/1070"}],"wp:featuredmedia":[{"embeddable":true,"href":"https:\/\/zmook.sk\/hu\/wp-json\/wp\/v2\/media\/1055"}],"wp:attachment":[{"href":"https:\/\/zmook.sk\/hu\/wp-json\/wp\/v2\/media?parent=1063"}],"wp:term":[{"taxonomy":"category","embeddable":true,"href":"https:\/\/zmook.sk\/hu\/wp-json\/wp\/v2\/categories?post=1063"},{"taxonomy":"post_tag","embeddable":true,"href":"https:\/\/zmook.sk\/hu\/wp-json\/wp\/v2\/tags?post=1063"}],"curies":[{"name":"wp","href":"https:\/\/api.w.org\/{rel}","templated":true}]}}