{"id":711,"date":"2021-06-16T16:16:00","date_gmt":"2021-06-16T14:16:00","guid":{"rendered":"https:\/\/zmook.sk\/2021\/06\/16\/filip-monika-allamtitkar-asszony-az-iskolaugyi-miniszteriumban-a-nemzetisegi-oktatasert-felelos\/"},"modified":"2023-10-24T10:09:51","modified_gmt":"2023-10-24T08:09:51","slug":"filip-monika-allamtitkar-asszony-az-iskolaugyi-miniszteriumban-a-nemzetisegi-oktatasert-felelos","status":"publish","type":"post","link":"https:\/\/zmook.sk\/hu\/ujdonsagok\/filip-monika-allamtitkar-asszony-az-iskolaugyi-miniszteriumban-a-nemzetisegi-oktatasert-felelos\/","title":{"rendered":"Filip M\u00f3nika \u00e1llamtitk\u00e1r asszony, az iskola\u00fcgyi miniszt\u00e9riumban a nemzetis\u00e9gi oktat\u00e1s\u00e9rt felel\u0151s"},"content":{"rendered":"\n<p>2021. j\u00fanius 16-\u00e1n Kom\u00e1romba l\u00e1togatott a v\u00e1ros megh\u00edv\u00e1s\u00e1ra Filip M\u00f3nika \u00e1llamtitk\u00e1r asszony, aki az iskola\u00fcgyi miniszt\u00e9riumban a nemzetis\u00e9gi oktat\u00e1s\u00e9rt felel\u0151s, mindamellett t\u00f6bb t\u00f6rv\u00e9ny m\u00f3dos\u00edt\u00e1s\u00e1nak el\u0151k\u00e9sz\u00edt\u00e9sben vett r\u00e9szt. A tal\u00e1lkoz\u00f3ra a j\u00e1r\u00e1s magyar iskol\u00e1inak vezet\u0151i \u00e9s az oktat\u00e1sban tev\u00e9kenyked\u0151 szakemberek \u00e9s hivatalnokok kaptak megh\u00edv\u00e1st, hogy els\u0151 k\u00e9zb\u0151l kapjanak inform\u00e1ci\u00f3t a v\u00e1ltoz\u00e1sokr\u00f3l. T\u00f6bb t\u00e9ma k\u00f6zt helyet kapott az oktat\u00e1ssal kapcsolatos int\u00e9zm\u00e9nyek \u00e1tszervez\u00e9se, a tank\u00f6nyv liberaliz\u00e1ci\u00f3, a pedag\u00f3gusok tov\u00e1bbk\u00e9pz\u00e9se, az iskolarendszer racionaliz\u00e1ci\u00f3ja \u00e9s a szlov\u00e1k oktat\u00e1s a magyar iskol\u00e1kban.   <\/p>\n\n<figure class=\"wp-block-gallery has-nested-images columns-4 is-cropped wp-block-gallery-1 is-layout-flex wp-block-gallery-is-layout-flex\">\n<figure class=\"wp-block-image size-thumbnail\"><a href=\"https:\/\/zmook.sk\/wp-content\/uploads\/2023\/03\/200281084_5719708778102649_4177094824184057995_n-220x220.jpg\"><img decoding=\"async\" width=\"220\" height=\"220\" data-id=\"142\" src=\"https:\/\/zmook.sk\/wp-content\/uploads\/2023\/03\/200281084_5719708778102649_4177094824184057995_n-220x220.jpg\" alt=\"\" class=\"wp-image-142\"\/><\/a><\/figure>\n\n\n\n<figure class=\"wp-block-image size-thumbnail\"><a href=\"https:\/\/zmook.sk\/wp-content\/uploads\/2023\/03\/201281893_5719708941435966_6826774998234228291_n-220x220.jpg\"><img decoding=\"async\" width=\"220\" height=\"220\" data-id=\"143\" src=\"https:\/\/zmook.sk\/wp-content\/uploads\/2023\/03\/201281893_5719708941435966_6826774998234228291_n-220x220.jpg\" alt=\"\" class=\"wp-image-143\"\/><\/a><\/figure>\n\n\n\n<figure class=\"wp-block-image size-thumbnail\"><a href=\"https:\/\/zmook.sk\/wp-content\/uploads\/2023\/03\/201650573_5719708914769302_1678625210574299182_n-220x220.jpg\"><img decoding=\"async\" width=\"220\" height=\"220\" data-id=\"144\" src=\"https:\/\/zmook.sk\/wp-content\/uploads\/2023\/03\/201650573_5719708914769302_1678625210574299182_n-220x220.jpg\" alt=\"\" class=\"wp-image-144\"\/><\/a><\/figure>\n\n\n\n<figure class=\"wp-block-image size-thumbnail\"><a href=\"https:\/\/zmook.sk\/wp-content\/uploads\/2023\/03\/280621404_7475727605834082_1965986031235458459_n-220x220.jpg\"><img loading=\"lazy\" decoding=\"async\" width=\"220\" height=\"220\" data-id=\"145\" src=\"https:\/\/zmook.sk\/wp-content\/uploads\/2023\/03\/280621404_7475727605834082_1965986031235458459_n-220x220.jpg\" alt=\"\" class=\"wp-image-145\"\/><\/a><\/figure>\n<\/figure>\n","protected":false},"excerpt":{"rendered":"<p>2021. j\u00fanius 16-\u00e1n Kom\u00e1romba l\u00e1togatott a v\u00e1ros megh\u00edv\u00e1s\u00e1ra Filip M\u00f3nika \u00e1llamtitk\u00e1r asszony, aki az iskola\u00fcgyi miniszt\u00e9riumban a nemzetis\u00e9gi oktat\u00e1s\u00e9rt felel\u0151s, mindamellett t\u00f6bb t\u00f6rv\u00e9ny m\u00f3dos\u00edt\u00e1s\u00e1nak el\u0151k\u00e9sz\u00edt\u00e9sben vett r\u00e9szt. A tal\u00e1lkoz\u00f3ra a j\u00e1r\u00e1s magyar iskol\u00e1inak vezet\u0151i \u00e9s az oktat\u00e1sban tev\u00e9kenyked\u0151 szakemberek \u00e9s hivatalnokok kaptak megh\u00edv\u00e1st, hogy els\u0151 k\u00e9zb\u0151l kapjanak inform\u00e1ci\u00f3t a v\u00e1ltoz\u00e1sokr\u00f3l. T\u00f6bb t\u00e9ma k\u00f6zt helyet kapott [&hellip;]<\/p>\n","protected":false},"author":1,"featured_media":359,"comment_status":"closed","ping_status":"closed","sticky":false,"template":"","format":"standard","meta":{"footnotes":""},"categories":[10],"tags":[],"class_list":["post-711","post","type-post","status-publish","format-standard","has-post-thumbnail","hentry","category-ujdonsagok"],"_links":{"self":[{"href":"https:\/\/zmook.sk\/hu\/wp-json\/wp\/v2\/posts\/711","targetHints":{"allow":["GET"]}}],"collection":[{"href":"https:\/\/zmook.sk\/hu\/wp-json\/wp\/v2\/posts"}],"about":[{"href":"https:\/\/zmook.sk\/hu\/wp-json\/wp\/v2\/types\/post"}],"author":[{"embeddable":true,"href":"https:\/\/zmook.sk\/hu\/wp-json\/wp\/v2\/users\/1"}],"replies":[{"embeddable":true,"href":"https:\/\/zmook.sk\/hu\/wp-json\/wp\/v2\/comments?post=711"}],"version-history":[{"count":1,"href":"https:\/\/zmook.sk\/hu\/wp-json\/wp\/v2\/posts\/711\/revisions"}],"predecessor-version":[{"id":712,"href":"https:\/\/zmook.sk\/hu\/wp-json\/wp\/v2\/posts\/711\/revisions\/712"}],"wp:featuredmedia":[{"embeddable":true,"href":"https:\/\/zmook.sk\/hu\/wp-json\/wp\/v2\/media\/359"}],"wp:attachment":[{"href":"https:\/\/zmook.sk\/hu\/wp-json\/wp\/v2\/media?parent=711"}],"wp:term":[{"taxonomy":"category","embeddable":true,"href":"https:\/\/zmook.sk\/hu\/wp-json\/wp\/v2\/categories?post=711"},{"taxonomy":"post_tag","embeddable":true,"href":"https:\/\/zmook.sk\/hu\/wp-json\/wp\/v2\/tags?post=711"}],"curies":[{"name":"wp","href":"https:\/\/api.w.org\/{rel}","templated":true}]}}